{"id":2832,"date":"2019-07-01T08:44:52","date_gmt":"2019-07-01T07:44:52","guid":{"rendered":"https:\/\/www.itac-food.com\/pl\/?p=2832"},"modified":"2023-07-17T12:24:47","modified_gmt":"2023-07-17T11:24:47","slug":"z-witalna-dzien-witaj","status":"publish","type":"post","link":"https:\/\/www.itac-food.com\/pl\/z-witalna-dzien-witaj\/","title":{"rendered":"Z Witaln\u0105 \u2013 dzie\u0144 witaj!"},"content":{"rendered":"<div class=\"wpb-content-wrapper\"><p>[vc_row unlock_row_content=&#8221;yes&#8221; row_height_percent=&#8221;0&#8243; override_padding=&#8221;yes&#8221; h_padding=&#8221;0&#8243; top_padding=&#8221;2&#8243; bottom_padding=&#8221;2&#8243; overlay_alpha=&#8221;50&#8243; gutter_size=&#8221;3&#8243; column_width_percent=&#8221;100&#8243; shift_y=&#8221;0&#8243; z_index=&#8221;0&#8243;][vc_column column_width_percent=&#8221;100&#8243; align_horizontal=&#8221;align_center&#8221; override_padding=&#8221;yes&#8221; column_padding=&#8221;0&#8243; overlay_alpha=&#8221;50&#8243; gutter_size=&#8221;3&#8243; medium_width=&#8221;0&#8243; mobile_width=&#8221;0&#8243; shift_x=&#8221;0&#8243; shift_y=&#8221;0&#8243; shift_y_down=&#8221;0&#8243; z_index=&#8221;0&#8243; width=&#8221;1\/1&#8243;][uncode_block id=&#8221;1609&#8243;][\/vc_column][\/vc_row][vc_row row_height_percent=&#8221;0&#8243; override_padding=&#8221;yes&#8221; h_padding=&#8221;0&#8243; top_padding=&#8221;2&#8243; bottom_padding=&#8221;0&#8243; overlay_alpha=&#8221;50&#8243; equal_height=&#8221;yes&#8221; gutter_size=&#8221;0&#8243; column_width_percent=&#8221;100&#8243; shift_y=&#8221;0&#8243; z_index=&#8221;0&#8243;][vc_column column_width_percent=&#8221;100&#8243; position_vertical=&#8221;middle&#8221; back_image=&#8221;905&#8243; back_repeat=&#8221;repeat&#8221; back_position=&#8221;left top&#8221; overlay_alpha=&#8221;50&#8243; gutter_size=&#8221;3&#8243; medium_width=&#8221;0&#8243; mobile_width=&#8221;0&#8243; shift_x=&#8221;0&#8243; shift_y=&#8221;0&#8243; shift_y_down=&#8221;0&#8243; z_index=&#8221;2&#8243; width=&#8221;1\/2&#8243; css=&#8221;.vc_custom_1521622463834{padding-right: 20px !important;}&#8221;][vc_empty_space empty_h=&#8221;3&#8243; medium_visibility=&#8221;yes&#8221; mobile_visibility=&#8221;yes&#8221;][vc_custom_heading auto_text=&#8221;yes&#8221; heading_semantic=&#8221;h1&#8243; text_size=&#8221;h1&#8243; text_transform=&#8221;uppercase&#8221; separator=&#8221;yes&#8221;]<b>Suszone owoce &#8211; pomoc w walce z cholesterolem <\/b>[\/vc_custom_heading][vc_column_text]S\u0142o\u0144ce za oknem pobudza apetyt na letnie <strong>przek\u0105ski!<\/strong> <strong>Banan, orzech w\u0142oski, \u017curawina, pestki dyni<\/strong>&#8230; czego chcie\u0107 wi\u0119cej? S\u0142odkiej przerwy! Nasza <strong>Mieszanka Witalna<\/strong> idealnie sprawdzi si\u0119 jako dodatek do wypiek\u00f3w lub <strong>przek\u0105ska<\/strong> sama w sobie. Po prostu&#8230; w lato smakuje jeszcze lepiej![\/vc_column_text][vc_empty_space empty_h=&#8221;3&#8243; medium_visibility=&#8221;yes&#8221; mobile_visibility=&#8221;yes&#8221;][\/vc_column][vc_column column_width_percent=&#8221;100&#8243; align_horizontal=&#8221;align_center&#8221; expand_height=&#8221;yes&#8221; override_padding=&#8221;yes&#8221; column_padding=&#8221;0&#8243; back_image=&#8221;2457&#8243; back_repeat=&#8221;no-repeat&#8221; back_position=&#8221;center top&#8221; overlay_alpha=&#8221;50&#8243; gutter_size=&#8221;0&#8243; medium_width=&#8221;0&#8243; mobile_width=&#8221;0&#8243; shift_x=&#8221;0&#8243; shift_y=&#8221;0&#8243; shift_y_down=&#8221;0&#8243; z_index=&#8221;0&#8243; width=&#8221;1\/2&#8243;][vc_single_image media=&#8221;2833&#8243; media_width_percent=&#8221;100&#8243; alignment=&#8221;center&#8221; el_class=&#8221;coverimg&#8221;][\/vc_column][\/vc_row][vc_row row_height_percent=&#8221;0&#8243; override_padding=&#8221;yes&#8221; h_padding=&#8221;0&#8243; top_padding=&#8221;0&#8243; bottom_padding=&#8221;0&#8243; overlay_alpha=&#8221;50&#8243; equal_height=&#8221;yes&#8221; gutter_size=&#8221;3&#8243; column_width_percent=&#8221;100&#8243; shift_y=&#8221;0&#8243; z_index=&#8221;0&#8243;][vc_column column_width_percent=&#8221;100&#8243; overlay_alpha=&#8221;50&#8243; gutter_size=&#8221;3&#8243; medium_width=&#8221;0&#8243; mobile_width=&#8221;0&#8243; shift_x=&#8221;0&#8243; shift_y=&#8221;0&#8243; shift_y_down=&#8221;0&#8243; z_index=&#8221;0&#8243; width=&#8221;1\/1&#8243;][vc_empty_space empty_h=&#8221;2&#8243; medium_visibility=&#8221;yes&#8221; mobile_visibility=&#8221;yes&#8221;][vc_column_text el_class=&#8221;margenes&#8221;]Nie daj si\u0119 nudzie! Nasza Mieszanka Witalna urozmaici stare, sprawdzone przepisy. Apetyczne <strong>muffinki<\/strong> nabior\u0105 zupe\u0142nie nowego charakteru, je\u015bli dodasz do nich nasze suszone owoce i <strong>orzechy<\/strong>! Takie babeczki na pewno zasmakuj\u0105 nie tylko Tobie, ale te\u017c Twoim bliskim, w ko\u0144cu takimi pyszno\u015bciami warto si\u0119 podzieli\u0107! Zerwij z rutyn\u0105, postaw na <strong>zdrowie<\/strong> i zadbaj o siebie!<\/p>\n<p>W tym sezonie nie le\u0107 w kulki i sko\u0144cz z wym\u00f3wkami! Kulki mocy to idealna przek\u0105ska, kiedy zabraknie Ci <strong>energii<\/strong>! Je\u015bli \u017cyjesz w biegu i ci\u0105gle brakuje Ci czasu \u2013 powiedz sobie STOP! Zwolnij i koniecznie znajd\u017a chwil\u0119 dla siebie, bo chwila wystarczy, \u017ceby przygotowa\u0107 apetyczne przek\u0105ski, kt\u00f3re podzia\u0142aj\u0105 jak <strong>zastrzyk energii<\/strong>!<\/p>\n<p><strong>Zdrowe od\u017cywianie<\/strong> to przede wszystkim zdrowe nawyki, kt\u00f3re warto wypracowa\u0107, a trzeba\u00a0 robi\u0107 to z pomys\u0142em! <strong>Mieszanka Witalna<\/strong> to \u015bwietna alternatywa dla s\u0142odko\u015bci, dodatkowo do wykorzystania na wiele apetycznych sposob\u00f3w!<\/p>\n<p><span style=\"color: #ce0c2d;\"><em>Wi\u0119cej informacji na temat pistacji i orzech\u00f3w znajdziesz:<\/em><\/span><\/p>\n<p><a href=\"https:\/\/www.itac-food.com\/pl\/produkty\/zamien-slodycze-na-owoce-suszone\/\">HELLO FRUITY<\/a>[\/vc_column_text][\/vc_column][\/vc_row][vc_row][vc_column column_width_percent=&#8221;100&#8243; position_vertical=&#8221;middle&#8221; align_horizontal=&#8221;align_center&#8221; overlay_alpha=&#8221;50&#8243; gutter_size=&#8221;3&#8243; medium_width=&#8221;0&#8243; mobile_width=&#8221;0&#8243; shift_x=&#8221;0&#8243; shift_y=&#8221;0&#8243; shift_y_down=&#8221;0&#8243; z_index=&#8221;0&#8243; width=&#8221;1\/1&#8243;][uncode_share layout=&#8221;multiple&#8221; bigger=&#8221;yes&#8221; separator=&#8221;yes&#8221; title=&#8221;PODZIEL SI\u0118&#8221;][\/vc_column][\/vc_row]<\/p>\n<\/div>","protected":false},"excerpt":{"rendered":"<p>Nie daj si\u0119 nudzie! Nasza Mieszanka Witalna urozmaici stare, sprawdzone przepisy.<\/p>\n","protected":false},"author":7,"featured_media":2833,"comment_status":"closed","ping_status":"closed","sticky":false,"template":"","format":"standard","meta":{"footnotes":""},"categories":[54],"tags":[],"class_list":["post-2832","post","type-post","status-publish","format-standard","has-post-thumbnail","hentry","category-niezly-orzech"],"yoast_head":"<!-- This site is optimized with the Yoast SEO plugin v27.3 - https:\/\/yoast.com\/product\/yoast-seo-wordpress\/ -->\n<title>Z Witaln\u0105 \u2013 dzie\u0144 witaj! - ITAC FOOD<\/title>\n<meta name=\"description\" content=\"S\u0142o\u0144ce za oknem pobudza apetyt na letnie przek\u0105ski! Banan, orzech w\u0142oski, \u017curawina, pestki dyni... czego chcie\u0107 wi\u0119cej? S\u0142odkiej przerwy!\" \/>\n<meta name=\"robots\" content=\"index, follow, max-snippet:-1, max-image-preview:large, max-video-preview:-1\" \/>\n<link rel=\"canonical\" href=\"https:\/\/www.itac-food.com\/pl\/z-witalna-dzien-witaj\/\" \/>\n<meta property=\"og:locale\" content=\"pl_PL\" \/>\n<meta property=\"og:type\" content=\"article\" \/>\n<meta property=\"og:title\" content=\"Z Witaln\u0105 \u2013 dzie\u0144 witaj! - ITAC FOOD\" \/>\n<meta property=\"og:description\" content=\"S\u0142o\u0144ce za oknem pobudza apetyt na letnie przek\u0105ski! Banan, orzech w\u0142oski, \u017curawina, pestki dyni... czego chcie\u0107 wi\u0119cej? S\u0142odkiej przerwy!\" \/>\n<meta property=\"og:url\" content=\"https:\/\/www.itac-food.com\/pl\/z-witalna-dzien-witaj\/\" \/>\n<meta property=\"og:site_name\" content=\"ITAC FOOD\" \/>\n<meta property=\"article:publisher\" content=\"https:\/\/www.facebook.com\/ItacFood\/\" \/>\n<meta property=\"article:published_time\" content=\"2019-07-01T07:44:52+00:00\" \/>\n<meta property=\"article:modified_time\" content=\"2023-07-17T11:24:47+00:00\" \/>\n<meta property=\"og:image\" content=\"https:\/\/www.itac-food.com\/wp-content\/uploads\/2019\/07\/baner_8.png\" \/>\n\t<meta property=\"og:image:width\" content=\"1200\" \/>\n\t<meta property=\"og:image:height\" content=\"800\" \/>\n\t<meta property=\"og:image:type\" content=\"image\/png\" \/>\n<meta name=\"author\" content=\"itacfood\" \/>\n<meta name=\"twitter:card\" content=\"summary_large_image\" \/>\n<meta name=\"twitter:creator\" content=\"@ItacFood\" \/>\n<meta name=\"twitter:site\" content=\"@ItacFood\" \/>\n<meta name=\"twitter:label1\" content=\"Napisane przez\" \/>\n\t<meta name=\"twitter:data1\" content=\"itacfood\" \/>\n\t<meta name=\"twitter:label2\" content=\"Szacowany czas czytania\" \/>\n\t<meta name=\"twitter:data2\" content=\"3 minuty\" \/>\n<script type=\"application\/ld+json\" class=\"yoast-schema-graph\">{\"@context\":\"https:\\\/\\\/schema.org\",\"@graph\":[{\"@type\":\"Article\",\"@id\":\"https:\\\/\\\/www.itac-food.com\\\/pl\\\/z-witalna-dzien-witaj\\\/#article\",\"isPartOf\":{\"@id\":\"https:\\\/\\\/www.itac-food.com\\\/pl\\\/z-witalna-dzien-witaj\\\/\"},\"author\":{\"name\":\"itacfood\",\"@id\":\"https:\\\/\\\/www.itac-food.com\\\/#\\\/schema\\\/person\\\/5248567fca01e6cea651ad6daa5171b9\"},\"headline\":\"Z Witaln\u0105 \u2013 dzie\u0144 witaj!\",\"datePublished\":\"2019-07-01T07:44:52+00:00\",\"dateModified\":\"2023-07-17T11:24:47+00:00\",\"mainEntityOfPage\":{\"@id\":\"https:\\\/\\\/www.itac-food.com\\\/pl\\\/z-witalna-dzien-witaj\\\/\"},\"wordCount\":596,\"publisher\":{\"@id\":\"https:\\\/\\\/www.itac-food.com\\\/#organization\"},\"image\":{\"@id\":\"https:\\\/\\\/www.itac-food.com\\\/pl\\\/z-witalna-dzien-witaj\\\/#primaryimage\"},\"thumbnailUrl\":\"https:\\\/\\\/www.itac-food.com\\\/wp-content\\\/uploads\\\/2019\\\/07\\\/baner_8.png\",\"articleSection\":[\"NIEZ\u0141Y ORZECH\"],\"inLanguage\":\"pl-PL\"},{\"@type\":\"WebPage\",\"@id\":\"https:\\\/\\\/www.itac-food.com\\\/pl\\\/z-witalna-dzien-witaj\\\/\",\"url\":\"https:\\\/\\\/www.itac-food.com\\\/pl\\\/z-witalna-dzien-witaj\\\/\",\"name\":\"Z Witaln\u0105 \u2013 dzie\u0144 witaj! - ITAC FOOD\",\"isPartOf\":{\"@id\":\"https:\\\/\\\/www.itac-food.com\\\/#website\"},\"primaryImageOfPage\":{\"@id\":\"https:\\\/\\\/www.itac-food.com\\\/pl\\\/z-witalna-dzien-witaj\\\/#primaryimage\"},\"image\":{\"@id\":\"https:\\\/\\\/www.itac-food.com\\\/pl\\\/z-witalna-dzien-witaj\\\/#primaryimage\"},\"thumbnailUrl\":\"https:\\\/\\\/www.itac-food.com\\\/wp-content\\\/uploads\\\/2019\\\/07\\\/baner_8.png\",\"datePublished\":\"2019-07-01T07:44:52+00:00\",\"dateModified\":\"2023-07-17T11:24:47+00:00\",\"description\":\"S\u0142o\u0144ce za oknem pobudza apetyt na letnie przek\u0105ski! Banan, orzech w\u0142oski, \u017curawina, pestki dyni... czego chcie\u0107 wi\u0119cej? S\u0142odkiej przerwy!\",\"breadcrumb\":{\"@id\":\"https:\\\/\\\/www.itac-food.com\\\/pl\\\/z-witalna-dzien-witaj\\\/#breadcrumb\"},\"inLanguage\":\"pl-PL\",\"potentialAction\":[{\"@type\":\"ReadAction\",\"target\":[\"https:\\\/\\\/www.itac-food.com\\\/pl\\\/z-witalna-dzien-witaj\\\/\"]}]},{\"@type\":\"ImageObject\",\"inLanguage\":\"pl-PL\",\"@id\":\"https:\\\/\\\/www.itac-food.com\\\/pl\\\/z-witalna-dzien-witaj\\\/#primaryimage\",\"url\":\"https:\\\/\\\/www.itac-food.com\\\/wp-content\\\/uploads\\\/2019\\\/07\\\/baner_8.png\",\"contentUrl\":\"https:\\\/\\\/www.itac-food.com\\\/wp-content\\\/uploads\\\/2019\\\/07\\\/baner_8.png\",\"width\":1200,\"height\":800},{\"@type\":\"BreadcrumbList\",\"@id\":\"https:\\\/\\\/www.itac-food.com\\\/pl\\\/z-witalna-dzien-witaj\\\/#breadcrumb\",\"itemListElement\":[{\"@type\":\"ListItem\",\"position\":1,\"name\":\"Home\",\"item\":\"https:\\\/\\\/www.itac-food.com\\\/pl\\\/\"},{\"@type\":\"ListItem\",\"position\":2,\"name\":\"Z Witaln\u0105 \u2013 dzie\u0144 witaj!\"}]},{\"@type\":\"WebSite\",\"@id\":\"https:\\\/\\\/www.itac-food.com\\\/#website\",\"url\":\"https:\\\/\\\/www.itac-food.com\\\/\",\"name\":\"ITAC FOOD\",\"description\":\"ITAC FOOD\",\"publisher\":{\"@id\":\"https:\\\/\\\/www.itac-food.com\\\/#organization\"},\"potentialAction\":[{\"@type\":\"SearchAction\",\"target\":{\"@type\":\"EntryPoint\",\"urlTemplate\":\"https:\\\/\\\/www.itac-food.com\\\/?s={search_term_string}\"},\"query-input\":{\"@type\":\"PropertyValueSpecification\",\"valueRequired\":true,\"valueName\":\"search_term_string\"}}],\"inLanguage\":\"pl-PL\"},{\"@type\":\"Organization\",\"@id\":\"https:\\\/\\\/www.itac-food.com\\\/#organization\",\"name\":\"ITAC-Food\",\"url\":\"https:\\\/\\\/www.itac-food.com\\\/\",\"logo\":{\"@type\":\"ImageObject\",\"inLanguage\":\"pl-PL\",\"@id\":\"https:\\\/\\\/www.itac-food.com\\\/#\\\/schema\\\/logo\\\/image\\\/\",\"url\":\"https:\\\/\\\/www.itac-food.com\\\/wp-content\\\/uploads\\\/2018\\\/03\\\/01_SINCERELY_NUTS_BIG_OK.png\",\"contentUrl\":\"https:\\\/\\\/www.itac-food.com\\\/wp-content\\\/uploads\\\/2018\\\/03\\\/01_SINCERELY_NUTS_BIG_OK.png\",\"width\":1920,\"height\":720,\"caption\":\"ITAC-Food\"},\"image\":{\"@id\":\"https:\\\/\\\/www.itac-food.com\\\/#\\\/schema\\\/logo\\\/image\\\/\"},\"sameAs\":[\"https:\\\/\\\/www.facebook.com\\\/ItacFood\\\/\",\"https:\\\/\\\/x.com\\\/ItacFood\",\"https:\\\/\\\/www.instagram.com\\\/ITACfood\\\/\"]},{\"@type\":\"Person\",\"@id\":\"https:\\\/\\\/www.itac-food.com\\\/#\\\/schema\\\/person\\\/5248567fca01e6cea651ad6daa5171b9\",\"name\":\"itacfood\",\"image\":{\"@type\":\"ImageObject\",\"inLanguage\":\"pl-PL\",\"@id\":\"https:\\\/\\\/secure.gravatar.com\\\/avatar\\\/d776c62f975ecb1bf0e7a19765cdfee5128962c013e27517dcc532c2cf78e1a8?s=96&d=mm&r=g\",\"url\":\"https:\\\/\\\/secure.gravatar.com\\\/avatar\\\/d776c62f975ecb1bf0e7a19765cdfee5128962c013e27517dcc532c2cf78e1a8?s=96&d=mm&r=g\",\"contentUrl\":\"https:\\\/\\\/secure.gravatar.com\\\/avatar\\\/d776c62f975ecb1bf0e7a19765cdfee5128962c013e27517dcc532c2cf78e1a8?s=96&d=mm&r=g\",\"caption\":\"itacfood\"},\"url\":\"https:\\\/\\\/www.itac-food.com\\\/pl\\\/author\\\/itacfood\\\/\"}]}<\/script>\n<!-- \/ Yoast SEO plugin. -->","yoast_head_json":{"title":"Z Witaln\u0105 \u2013 dzie\u0144 witaj! - ITAC FOOD","description":"S\u0142o\u0144ce za oknem pobudza apetyt na letnie przek\u0105ski! Banan, orzech w\u0142oski, \u017curawina, pestki dyni... czego chcie\u0107 wi\u0119cej? S\u0142odkiej przerwy!","robots":{"index":"index","follow":"follow","max-snippet":"max-snippet:-1","max-image-preview":"max-image-preview:large","max-video-preview":"max-video-preview:-1"},"canonical":"https:\/\/www.itac-food.com\/pl\/z-witalna-dzien-witaj\/","og_locale":"pl_PL","og_type":"article","og_title":"Z Witaln\u0105 \u2013 dzie\u0144 witaj! - ITAC FOOD","og_description":"S\u0142o\u0144ce za oknem pobudza apetyt na letnie przek\u0105ski! Banan, orzech w\u0142oski, \u017curawina, pestki dyni... czego chcie\u0107 wi\u0119cej? S\u0142odkiej przerwy!","og_url":"https:\/\/www.itac-food.com\/pl\/z-witalna-dzien-witaj\/","og_site_name":"ITAC FOOD","article_publisher":"https:\/\/www.facebook.com\/ItacFood\/","article_published_time":"2019-07-01T07:44:52+00:00","article_modified_time":"2023-07-17T11:24:47+00:00","og_image":[{"width":1200,"height":800,"url":"https:\/\/www.itac-food.com\/wp-content\/uploads\/2019\/07\/baner_8.png","type":"image\/png"}],"author":"itacfood","twitter_card":"summary_large_image","twitter_creator":"@ItacFood","twitter_site":"@ItacFood","twitter_misc":{"Napisane przez":"itacfood","Szacowany czas czytania":"3 minuty"},"schema":{"@context":"https:\/\/schema.org","@graph":[{"@type":"Article","@id":"https:\/\/www.itac-food.com\/pl\/z-witalna-dzien-witaj\/#article","isPartOf":{"@id":"https:\/\/www.itac-food.com\/pl\/z-witalna-dzien-witaj\/"},"author":{"name":"itacfood","@id":"https:\/\/www.itac-food.com\/#\/schema\/person\/5248567fca01e6cea651ad6daa5171b9"},"headline":"Z Witaln\u0105 \u2013 dzie\u0144 witaj!","datePublished":"2019-07-01T07:44:52+00:00","dateModified":"2023-07-17T11:24:47+00:00","mainEntityOfPage":{"@id":"https:\/\/www.itac-food.com\/pl\/z-witalna-dzien-witaj\/"},"wordCount":596,"publisher":{"@id":"https:\/\/www.itac-food.com\/#organization"},"image":{"@id":"https:\/\/www.itac-food.com\/pl\/z-witalna-dzien-witaj\/#primaryimage"},"thumbnailUrl":"https:\/\/www.itac-food.com\/wp-content\/uploads\/2019\/07\/baner_8.png","articleSection":["NIEZ\u0141Y ORZECH"],"inLanguage":"pl-PL"},{"@type":"WebPage","@id":"https:\/\/www.itac-food.com\/pl\/z-witalna-dzien-witaj\/","url":"https:\/\/www.itac-food.com\/pl\/z-witalna-dzien-witaj\/","name":"Z Witaln\u0105 \u2013 dzie\u0144 witaj! - ITAC FOOD","isPartOf":{"@id":"https:\/\/www.itac-food.com\/#website"},"primaryImageOfPage":{"@id":"https:\/\/www.itac-food.com\/pl\/z-witalna-dzien-witaj\/#primaryimage"},"image":{"@id":"https:\/\/www.itac-food.com\/pl\/z-witalna-dzien-witaj\/#primaryimage"},"thumbnailUrl":"https:\/\/www.itac-food.com\/wp-content\/uploads\/2019\/07\/baner_8.png","datePublished":"2019-07-01T07:44:52+00:00","dateModified":"2023-07-17T11:24:47+00:00","description":"S\u0142o\u0144ce za oknem pobudza apetyt na letnie przek\u0105ski! Banan, orzech w\u0142oski, \u017curawina, pestki dyni... czego chcie\u0107 wi\u0119cej? S\u0142odkiej przerwy!","breadcrumb":{"@id":"https:\/\/www.itac-food.com\/pl\/z-witalna-dzien-witaj\/#breadcrumb"},"inLanguage":"pl-PL","potentialAction":[{"@type":"ReadAction","target":["https:\/\/www.itac-food.com\/pl\/z-witalna-dzien-witaj\/"]}]},{"@type":"ImageObject","inLanguage":"pl-PL","@id":"https:\/\/www.itac-food.com\/pl\/z-witalna-dzien-witaj\/#primaryimage","url":"https:\/\/www.itac-food.com\/wp-content\/uploads\/2019\/07\/baner_8.png","contentUrl":"https:\/\/www.itac-food.com\/wp-content\/uploads\/2019\/07\/baner_8.png","width":1200,"height":800},{"@type":"BreadcrumbList","@id":"https:\/\/www.itac-food.com\/pl\/z-witalna-dzien-witaj\/#breadcrumb","itemListElement":[{"@type":"ListItem","position":1,"name":"Home","item":"https:\/\/www.itac-food.com\/pl\/"},{"@type":"ListItem","position":2,"name":"Z Witaln\u0105 \u2013 dzie\u0144 witaj!"}]},{"@type":"WebSite","@id":"https:\/\/www.itac-food.com\/#website","url":"https:\/\/www.itac-food.com\/","name":"ITAC FOOD","description":"ITAC FOOD","publisher":{"@id":"https:\/\/www.itac-food.com\/#organization"},"potentialAction":[{"@type":"SearchAction","target":{"@type":"EntryPoint","urlTemplate":"https:\/\/www.itac-food.com\/?s={search_term_string}"},"query-input":{"@type":"PropertyValueSpecification","valueRequired":true,"valueName":"search_term_string"}}],"inLanguage":"pl-PL"},{"@type":"Organization","@id":"https:\/\/www.itac-food.com\/#organization","name":"ITAC-Food","url":"https:\/\/www.itac-food.com\/","logo":{"@type":"ImageObject","inLanguage":"pl-PL","@id":"https:\/\/www.itac-food.com\/#\/schema\/logo\/image\/","url":"https:\/\/www.itac-food.com\/wp-content\/uploads\/2018\/03\/01_SINCERELY_NUTS_BIG_OK.png","contentUrl":"https:\/\/www.itac-food.com\/wp-content\/uploads\/2018\/03\/01_SINCERELY_NUTS_BIG_OK.png","width":1920,"height":720,"caption":"ITAC-Food"},"image":{"@id":"https:\/\/www.itac-food.com\/#\/schema\/logo\/image\/"},"sameAs":["https:\/\/www.facebook.com\/ItacFood\/","https:\/\/x.com\/ItacFood","https:\/\/www.instagram.com\/ITACfood\/"]},{"@type":"Person","@id":"https:\/\/www.itac-food.com\/#\/schema\/person\/5248567fca01e6cea651ad6daa5171b9","name":"itacfood","image":{"@type":"ImageObject","inLanguage":"pl-PL","@id":"https:\/\/secure.gravatar.com\/avatar\/d776c62f975ecb1bf0e7a19765cdfee5128962c013e27517dcc532c2cf78e1a8?s=96&d=mm&r=g","url":"https:\/\/secure.gravatar.com\/avatar\/d776c62f975ecb1bf0e7a19765cdfee5128962c013e27517dcc532c2cf78e1a8?s=96&d=mm&r=g","contentUrl":"https:\/\/secure.gravatar.com\/avatar\/d776c62f975ecb1bf0e7a19765cdfee5128962c013e27517dcc532c2cf78e1a8?s=96&d=mm&r=g","caption":"itacfood"},"url":"https:\/\/www.itac-food.com\/pl\/author\/itacfood\/"}]}},"_links":{"self":[{"href":"https:\/\/www.itac-food.com\/pl\/wp-json\/wp\/v2\/posts\/2832","targetHints":{"allow":["GET"]}}],"collection":[{"href":"https:\/\/www.itac-food.com\/pl\/wp-json\/wp\/v2\/posts"}],"about":[{"href":"https:\/\/www.itac-food.com\/pl\/wp-json\/wp\/v2\/types\/post"}],"author":[{"embeddable":true,"href":"https:\/\/www.itac-food.com\/pl\/wp-json\/wp\/v2\/users\/7"}],"replies":[{"embeddable":true,"href":"https:\/\/www.itac-food.com\/pl\/wp-json\/wp\/v2\/comments?post=2832"}],"version-history":[{"count":3,"href":"https:\/\/www.itac-food.com\/pl\/wp-json\/wp\/v2\/posts\/2832\/revisions"}],"predecessor-version":[{"id":3531,"href":"https:\/\/www.itac-food.com\/pl\/wp-json\/wp\/v2\/posts\/2832\/revisions\/3531"}],"wp:featuredmedia":[{"embeddable":true,"href":"https:\/\/www.itac-food.com\/pl\/wp-json\/wp\/v2\/media\/2833"}],"wp:attachment":[{"href":"https:\/\/www.itac-food.com\/pl\/wp-json\/wp\/v2\/media?parent=2832"}],"wp:term":[{"taxonomy":"category","embeddable":true,"href":"https:\/\/www.itac-food.com\/pl\/wp-json\/wp\/v2\/categories?post=2832"},{"taxonomy":"post_tag","embeddable":true,"href":"https:\/\/www.itac-food.com\/pl\/wp-json\/wp\/v2\/tags?post=2832"}],"curies":[{"name":"wp","href":"https:\/\/api.w.org\/{rel}","templated":true}]}}