{"id":2947,"date":"2019-09-19T15:06:01","date_gmt":"2019-09-19T14:06:01","guid":{"rendered":"https:\/\/www.itac-food.com\/?p=2947"},"modified":"2023-07-17T12:22:43","modified_gmt":"2023-07-17T11:22:43","slug":"swieto-nietypowe-ale-wartosciowe","status":"publish","type":"post","link":"https:\/\/www.itac-food.com\/pl\/swieto-nietypowe-ale-wartosciowe\/","title":{"rendered":"\u015awi\u0119to nietypowe, ale warto\u015bciowe!"},"content":{"rendered":"<div class=\"wpb-content-wrapper\"><p>[vc_row unlock_row_content=&#8221;yes&#8221; row_height_percent=&#8221;0&#8243; override_padding=&#8221;yes&#8221; h_padding=&#8221;0&#8243; top_padding=&#8221;2&#8243; bottom_padding=&#8221;2&#8243; overlay_alpha=&#8221;50&#8243; gutter_size=&#8221;3&#8243; column_width_percent=&#8221;100&#8243; shift_y=&#8221;0&#8243; z_index=&#8221;0&#8243;][vc_column column_width_percent=&#8221;100&#8243; align_horizontal=&#8221;align_center&#8221; gutter_size=&#8221;3&#8243; override_padding=&#8221;yes&#8221; column_padding=&#8221;0&#8243; overlay_alpha=&#8221;50&#8243; shift_x=&#8221;0&#8243; shift_y=&#8221;0&#8243; shift_y_down=&#8221;0&#8243; z_index=&#8221;0&#8243; medium_width=&#8221;0&#8243; mobile_width=&#8221;0&#8243; width=&#8221;1\/1&#8243;][uncode_block id=&#8221;1383&#8243;][\/vc_column][\/vc_row][vc_row row_height_percent=&#8221;0&#8243; override_padding=&#8221;yes&#8221; h_padding=&#8221;1&#8243; top_padding=&#8221;2&#8243; bottom_padding=&#8221;0&#8243; overlay_alpha=&#8221;50&#8243; equal_height=&#8221;yes&#8221; gutter_size=&#8221;0&#8243; column_width_percent=&#8221;100&#8243; shift_y=&#8221;0&#8243; z_index=&#8221;0&#8243;][vc_column column_width_percent=&#8221;100&#8243; position_vertical=&#8221;middle&#8221; gutter_size=&#8221;3&#8243; back_image=&#8221;903&#8243; overlay_alpha=&#8221;50&#8243; shift_x=&#8221;0&#8243; shift_y=&#8221;0&#8243; shift_y_down=&#8221;0&#8243; z_index=&#8221;2&#8243; medium_width=&#8221;0&#8243; mobile_width=&#8221;0&#8243; width=&#8221;1\/2&#8243; css=&#8221;.vc_custom_1563272934296{padding-right: 20px !important;}&#8221;][vc_custom_heading auto_text=&#8221;yes&#8221; heading_semantic=&#8221;h1&#8243; text_size=&#8221;h1&#8243; text_transform=&#8221;uppercase&#8221; separator=&#8221;yes&#8221;]<strong>\u015awi\u0119to nietypowe, ale warto\u015bciowe!<\/strong>[\/vc_custom_heading][vc_column_text]<\/p>\n<p style=\"text-align: left;\"><span style=\"font-weight: 400;\">Mo\u017ce dla wielu odkryjemy teraz Ameryk\u0119, ale mieszka\u0144cy USA wprost uwielbiaj\u0105 <\/span><b>orzeszki ziemne<\/b><span style=\"font-weight: 400;\">. S\u0105 one numerem jeden na li\u015bcie ich <\/span><b>orzechowych przek\u0105sek<\/b><span style=\"font-weight: 400;\">, co potwierdzono badaniami. Ta <\/span><b>orzeszkowa<\/b><span style=\"font-weight: 400;\"> mi\u0142o\u015b\u0107 uros\u0142a do tego stopnia, \u017ce <\/span><b>13 wrze\u015bnia ka\u017cdego roku w Stanach obchodzi si\u0119 Narodowy Dzie\u0144 Orzeszka Ziemnego<\/b><span style=\"font-weight: 400;\">! W tym roku \u2013 my te\u017c \u015bwi\u0119tujemy!<\/span><\/p>\n<p>[\/vc_column_text][\/vc_column][vc_column column_width_percent=&#8221;100&#8243; align_horizontal=&#8221;align_center&#8221; gutter_size=&#8221;0&#8243; override_padding=&#8221;yes&#8221; column_padding=&#8221;0&#8243; expand_height=&#8221;yes&#8221; overlay_alpha=&#8221;50&#8243; shift_x=&#8221;0&#8243; shift_y=&#8221;0&#8243; shift_y_down=&#8221;0&#8243; z_index=&#8221;0&#8243; medium_width=&#8221;0&#8243; mobile_width=&#8221;0&#8243; width=&#8221;1\/2&#8243;][vc_single_image media=&#8221;2948&#8243; media_width_percent=&#8221;100&#8243; media_ratio=&#8221;sixteen-nine&#8221; alignment=&#8221;center&#8221; el_class=&#8221;coverimg&#8221;][\/vc_column][\/vc_row][vc_row row_height_percent=&#8221;0&#8243; override_padding=&#8221;yes&#8221; h_padding=&#8221;0&#8243; top_padding=&#8221;0&#8243; bottom_padding=&#8221;0&#8243; overlay_alpha=&#8221;50&#8243; gutter_size=&#8221;3&#8243; column_width_percent=&#8221;100&#8243; shift_y=&#8221;0&#8243; z_index=&#8221;0&#8243;][vc_column column_width_percent=&#8221;100&#8243; position_vertical=&#8221;middle&#8221; gutter_size=&#8221;3&#8243; overlay_alpha=&#8221;50&#8243; shift_x=&#8221;0&#8243; shift_y=&#8221;0&#8243; shift_y_down=&#8221;0&#8243; z_index=&#8221;0&#8243; medium_width=&#8221;0&#8243; mobile_width=&#8221;0&#8243; width=&#8221;1\/2&#8243;][vc_empty_space][vc_single_image media=&#8221;2949&#8243; media_width_percent=&#8221;100&#8243; media_ratio=&#8221;sixteen-nine&#8221; alignment=&#8221;center&#8221;][vc_empty_space empty_h=&#8221;2&#8243; medium_visibility=&#8221;yes&#8221; mobile_visibility=&#8221;yes&#8221;][\/vc_column][vc_column column_width_percent=&#8221;100&#8243; position_horizontal=&#8221;left&#8221; gutter_size=&#8221;3&#8243; overlay_alpha=&#8221;50&#8243; shift_x=&#8221;0&#8243; shift_y=&#8221;0&#8243; shift_y_down=&#8221;0&#8243; z_index=&#8221;0&#8243; medium_width=&#8221;0&#8243; mobile_width=&#8221;0&#8243; width=&#8221;1\/2&#8243;][vc_empty_space empty_h=&#8221;1&#8243;][vc_column_text el_class=&#8221;margenes&#8221; css=&#8221;.vc_custom_1568901617476{margin-left: 0px !important;}&#8221;]<span style=\"font-weight: 400;\">A mamy czym! U nas goszcz\u0105 <\/span><b>orzeszki ziemne w karmelu<\/b><span style=\"font-weight: 400;\">, <\/span><b>dry roasted paprykowe<\/b><span style=\"font-weight: 400;\">, <\/span><b>pra\u017cone bez soli i oleju oraz sma\u017cone solone<\/b><span style=\"font-weight: 400;\">. Te ostatnie w paczkach o pi\u0119ciu r\u00f3\u017cnych rozmiarach! Na \u015bwi\u0119to orzeszka oczywi\u015bcie wybieramy najwi\u0119ksze wiaderko, \u017ceby tej pysznej przek\u0105ski starczy\u0142o do ko\u0144ca dnia! Przypomnijmy sobie, \u017ce <\/span><b>orzeszek ziemny<\/b><span style=\"font-weight: 400;\">, cho\u0107 ma\u0142y, odgrywa wielk\u0105 rol\u0119 w naszym \u017cyciu. Zawiera mn\u00f3stwo <\/span><b>witamin<\/b><span style=\"font-weight: 400;\"> i sk\u0142adnik\u00f3w mineralnych, kt\u00f3re mi\u0119dzy innymi usprawniaj\u0105 prac\u0119 m\u00f3zgu. <\/span><b>Jedz\u0105c orzeszki<\/b><span style=\"font-weight: 400;\"> regularnie, poprawimy nasz\u0105 <\/span><b>pami\u0119\u0107<\/b><span style=\"font-weight: 400;\"> i <\/span><b>koncentracj\u0119<\/b><span style=\"font-weight: 400;\"> oraz uspokoimy nerwy i <\/span><b>z\u0142agodzimy stres<\/b><span style=\"font-weight: 400;\">.<\/span><\/p>\n<p><span style=\"font-weight: 400;\">I jeszcze ma\u0142a gar\u015b\u0107 <\/span><b>orzechowych ciekawostek<\/b><span style=\"font-weight: 400;\"> \u00e0 propos Ameryki. Dw\u00f3ch prezydent\u00f3w USA, Thomas Jefferson i Jimmy Carter, byli plantatorami fistaszk\u00f3w. <\/span><b>Orzeszki ziemne<\/b><span style=\"font-weight: 400;\"> s\u0105 nieod\u0142\u0105cznym i najbardziej popularnym towarzyszem ameryka\u0144skich kibic\u00f3w podczas meczy baseballowych. Podjadanie tej <\/span><b>przek\u0105ski<\/b><span style=\"font-weight: 400;\"> pomaga widzom zaj\u0105\u0107 r\u0119ce, bo gra na boisku budzi du\u017ce napi\u0119cie i emocje. W Stanach istnieje te\u017c sze\u015b\u0107 miast o nazwie Peanut.<\/span><\/p>\n<p><span style=\"font-weight: 400;\">Jedno jest pewne, \u015bwi\u0119to orzeszka ziemnego trzeba koniecznie uczci\u0107 ! To genialny pretekst, by skrzykn\u0105\u0107 rodzin\u0119 lub znajomych i razem sp\u0119dzi\u0107 czas, maj\u0105c fistaszki za temat przewodni. Czy to wydaj\u0105c uczt\u0119 z <\/span><b>orzeszkami<\/b><span style=\"font-weight: 400;\"> w r\u00f3\u017cnych kulinarnych ods\u0142onach, czy po prostu <\/span><b>chrupi\u0105c orzeszki<\/b><span style=\"font-weight: 400;\"> podczas wsp\u00f3lnego seansu filmowego.<\/span><\/p>\n<p><span style=\"color: #ff0000;\"><i><span style=\"font-weight: 400;\">Wi\u0119cej informacji na temat mieszanek znajdziesz:<\/span><\/i><\/span><\/p>\n<p><a href=\"https:\/\/www.itac-food.com\/pl\/produkty\/\"><span style=\"font-weight: 400;\">ON THE GO <\/span><\/a><span style=\"font-weight: 400;\">, <\/span><a href=\"https:\/\/www.itac-food.com\/pl\/produkty\/niezly-orzech-do-przekaszenia\/\"><span style=\"font-weight: 400;\">SNACKS &#8211; PRZEK\u0104SKI<\/span><\/a>[\/vc_column_text][\/vc_column][\/vc_row][vc_row][vc_column width=&#8221;1\/4&#8243;][\/vc_column][vc_column width=&#8221;1\/4&#8243;][\/vc_column][vc_column width=&#8221;1\/4&#8243;][vc_empty_space empty_h=&#8221;1&#8243;][\/vc_column][vc_column width=&#8221;1\/4&#8243;][\/vc_column][\/vc_row][vc_row][vc_column column_width_percent=&#8221;100&#8243; position_vertical=&#8221;middle&#8221; align_horizontal=&#8221;align_center&#8221; gutter_size=&#8221;3&#8243; overlay_alpha=&#8221;50&#8243; shift_x=&#8221;0&#8243; shift_y=&#8221;0&#8243; shift_y_down=&#8221;0&#8243; z_index=&#8221;0&#8243; medium_width=&#8221;0&#8243; mobile_width=&#8221;0&#8243; width=&#8221;1\/1&#8243;][uncode_share layout=&#8221;multiple&#8221; bigger=&#8221;yes&#8221; separator=&#8221;yes&#8221; title=&#8221;PODZIEL SI\u0118&#8221;][\/vc_column][\/vc_row]<\/p>\n<\/div>","protected":false},"excerpt":{"rendered":"<p>13 wrze\u015bnia ka\u017cdego roku w Stanach obchodzi si\u0119 Narodowy Dzie\u0144 Orzeszka Ziemnego! W tym roku \u2013 my te\u017c \u015bwi\u0119tujemy!<\/p>\n","protected":false},"author":7,"featured_media":2948,"comment_status":"closed","ping_status":"closed","sticky":false,"template":"","format":"standard","meta":{"footnotes":""},"categories":[54],"tags":[],"class_list":["post-2947","post","type-post","status-publish","format-standard","has-post-thumbnail","hentry","category-niezly-orzech"],"yoast_head":"<!-- This site is optimized with the Yoast SEO plugin v27.3 - https:\/\/yoast.com\/product\/yoast-seo-wordpress\/ -->\n<title>ITAC FOOD - \u015awi\u0119to nietypowe, ale warto\u015bciowe!<\/title>\n<meta name=\"description\" content=\"Ta orzeszkowa mi\u0142o\u015b\u0107 uros\u0142a do tego stopnia, \u017ce 13 wrze\u015bnia ka\u017cdego roku w Stanach obchodzi si\u0119 Narodowy Dzie\u0144 Orzeszka Ziemnego! W tym roku \u2013 my te\u017c \u015bwi\u0119tujemy!\" \/>\n<meta name=\"robots\" content=\"index, follow, max-snippet:-1, max-image-preview:large, max-video-preview:-1\" \/>\n<link rel=\"canonical\" href=\"https:\/\/www.itac-food.com\/pl\/swieto-nietypowe-ale-wartosciowe\/\" \/>\n<meta property=\"og:locale\" content=\"pl_PL\" \/>\n<meta property=\"og:type\" content=\"article\" \/>\n<meta property=\"og:title\" content=\"ITAC FOOD - \u015awi\u0119to nietypowe, ale warto\u015bciowe!\" \/>\n<meta property=\"og:description\" content=\"Ta orzeszkowa mi\u0142o\u015b\u0107 uros\u0142a do tego stopnia, \u017ce 13 wrze\u015bnia ka\u017cdego roku w Stanach obchodzi si\u0119 Narodowy Dzie\u0144 Orzeszka Ziemnego! W tym roku \u2013 my te\u017c \u015bwi\u0119tujemy!\" \/>\n<meta property=\"og:url\" content=\"https:\/\/www.itac-food.com\/pl\/swieto-nietypowe-ale-wartosciowe\/\" \/>\n<meta property=\"og:site_name\" content=\"ITAC FOOD\" \/>\n<meta property=\"article:publisher\" content=\"https:\/\/www.facebook.com\/ItacFood\/\" \/>\n<meta property=\"article:published_time\" content=\"2019-09-19T14:06:01+00:00\" \/>\n<meta property=\"article:modified_time\" content=\"2023-07-17T11:22:43+00:00\" \/>\n<meta property=\"og:image\" content=\"https:\/\/www.itac-food.com\/wp-content\/uploads\/2019\/09\/itac_peanutday-2-1.jpg\" \/>\n\t<meta property=\"og:image:width\" content=\"1200\" \/>\n\t<meta property=\"og:image:height\" content=\"800\" \/>\n\t<meta property=\"og:image:type\" content=\"image\/jpeg\" \/>\n<meta name=\"author\" content=\"itacfood\" \/>\n<meta name=\"twitter:card\" content=\"summary_large_image\" \/>\n<meta name=\"twitter:creator\" content=\"@ItacFood\" \/>\n<meta name=\"twitter:site\" content=\"@ItacFood\" \/>\n<meta name=\"twitter:label1\" content=\"Napisane przez\" \/>\n\t<meta name=\"twitter:data1\" content=\"itacfood\" \/>\n\t<meta name=\"twitter:label2\" content=\"Szacowany czas czytania\" \/>\n\t<meta name=\"twitter:data2\" content=\"3 minuty\" \/>\n<script type=\"application\/ld+json\" class=\"yoast-schema-graph\">{\"@context\":\"https:\\\/\\\/schema.org\",\"@graph\":[{\"@type\":\"Article\",\"@id\":\"https:\\\/\\\/www.itac-food.com\\\/pl\\\/swieto-nietypowe-ale-wartosciowe\\\/#article\",\"isPartOf\":{\"@id\":\"https:\\\/\\\/www.itac-food.com\\\/pl\\\/swieto-nietypowe-ale-wartosciowe\\\/\"},\"author\":{\"name\":\"itacfood\",\"@id\":\"https:\\\/\\\/www.itac-food.com\\\/#\\\/schema\\\/person\\\/5248567fca01e6cea651ad6daa5171b9\"},\"headline\":\"\u015awi\u0119to nietypowe, ale warto\u015bciowe!\",\"datePublished\":\"2019-09-19T14:06:01+00:00\",\"dateModified\":\"2023-07-17T11:22:43+00:00\",\"mainEntityOfPage\":{\"@id\":\"https:\\\/\\\/www.itac-food.com\\\/pl\\\/swieto-nietypowe-ale-wartosciowe\\\/\"},\"wordCount\":725,\"publisher\":{\"@id\":\"https:\\\/\\\/www.itac-food.com\\\/#organization\"},\"image\":{\"@id\":\"https:\\\/\\\/www.itac-food.com\\\/pl\\\/swieto-nietypowe-ale-wartosciowe\\\/#primaryimage\"},\"thumbnailUrl\":\"https:\\\/\\\/www.itac-food.com\\\/wp-content\\\/uploads\\\/2019\\\/09\\\/itac_peanutday-2-1.jpg\",\"articleSection\":[\"NIEZ\u0141Y ORZECH\"],\"inLanguage\":\"pl-PL\"},{\"@type\":\"WebPage\",\"@id\":\"https:\\\/\\\/www.itac-food.com\\\/pl\\\/swieto-nietypowe-ale-wartosciowe\\\/\",\"url\":\"https:\\\/\\\/www.itac-food.com\\\/pl\\\/swieto-nietypowe-ale-wartosciowe\\\/\",\"name\":\"ITAC FOOD - \u015awi\u0119to nietypowe, ale warto\u015bciowe!\",\"isPartOf\":{\"@id\":\"https:\\\/\\\/www.itac-food.com\\\/#website\"},\"primaryImageOfPage\":{\"@id\":\"https:\\\/\\\/www.itac-food.com\\\/pl\\\/swieto-nietypowe-ale-wartosciowe\\\/#primaryimage\"},\"image\":{\"@id\":\"https:\\\/\\\/www.itac-food.com\\\/pl\\\/swieto-nietypowe-ale-wartosciowe\\\/#primaryimage\"},\"thumbnailUrl\":\"https:\\\/\\\/www.itac-food.com\\\/wp-content\\\/uploads\\\/2019\\\/09\\\/itac_peanutday-2-1.jpg\",\"datePublished\":\"2019-09-19T14:06:01+00:00\",\"dateModified\":\"2023-07-17T11:22:43+00:00\",\"description\":\"Ta orzeszkowa mi\u0142o\u015b\u0107 uros\u0142a do tego stopnia, \u017ce 13 wrze\u015bnia ka\u017cdego roku w Stanach obchodzi si\u0119 Narodowy Dzie\u0144 Orzeszka Ziemnego! W tym roku \u2013 my te\u017c \u015bwi\u0119tujemy!\",\"breadcrumb\":{\"@id\":\"https:\\\/\\\/www.itac-food.com\\\/pl\\\/swieto-nietypowe-ale-wartosciowe\\\/#breadcrumb\"},\"inLanguage\":\"pl-PL\",\"potentialAction\":[{\"@type\":\"ReadAction\",\"target\":[\"https:\\\/\\\/www.itac-food.com\\\/pl\\\/swieto-nietypowe-ale-wartosciowe\\\/\"]}]},{\"@type\":\"ImageObject\",\"inLanguage\":\"pl-PL\",\"@id\":\"https:\\\/\\\/www.itac-food.com\\\/pl\\\/swieto-nietypowe-ale-wartosciowe\\\/#primaryimage\",\"url\":\"https:\\\/\\\/www.itac-food.com\\\/wp-content\\\/uploads\\\/2019\\\/09\\\/itac_peanutday-2-1.jpg\",\"contentUrl\":\"https:\\\/\\\/www.itac-food.com\\\/wp-content\\\/uploads\\\/2019\\\/09\\\/itac_peanutday-2-1.jpg\",\"width\":1200,\"height\":800},{\"@type\":\"BreadcrumbList\",\"@id\":\"https:\\\/\\\/www.itac-food.com\\\/pl\\\/swieto-nietypowe-ale-wartosciowe\\\/#breadcrumb\",\"itemListElement\":[{\"@type\":\"ListItem\",\"position\":1,\"name\":\"Home\",\"item\":\"https:\\\/\\\/www.itac-food.com\\\/pl\\\/\"},{\"@type\":\"ListItem\",\"position\":2,\"name\":\"\u015awi\u0119to nietypowe, ale warto\u015bciowe!\"}]},{\"@type\":\"WebSite\",\"@id\":\"https:\\\/\\\/www.itac-food.com\\\/#website\",\"url\":\"https:\\\/\\\/www.itac-food.com\\\/\",\"name\":\"ITAC FOOD\",\"description\":\"ITAC FOOD\",\"publisher\":{\"@id\":\"https:\\\/\\\/www.itac-food.com\\\/#organization\"},\"potentialAction\":[{\"@type\":\"SearchAction\",\"target\":{\"@type\":\"EntryPoint\",\"urlTemplate\":\"https:\\\/\\\/www.itac-food.com\\\/?s={search_term_string}\"},\"query-input\":{\"@type\":\"PropertyValueSpecification\",\"valueRequired\":true,\"valueName\":\"search_term_string\"}}],\"inLanguage\":\"pl-PL\"},{\"@type\":\"Organization\",\"@id\":\"https:\\\/\\\/www.itac-food.com\\\/#organization\",\"name\":\"ITAC-Food\",\"url\":\"https:\\\/\\\/www.itac-food.com\\\/\",\"logo\":{\"@type\":\"ImageObject\",\"inLanguage\":\"pl-PL\",\"@id\":\"https:\\\/\\\/www.itac-food.com\\\/#\\\/schema\\\/logo\\\/image\\\/\",\"url\":\"https:\\\/\\\/www.itac-food.com\\\/wp-content\\\/uploads\\\/2018\\\/03\\\/01_SINCERELY_NUTS_BIG_OK.png\",\"contentUrl\":\"https:\\\/\\\/www.itac-food.com\\\/wp-content\\\/uploads\\\/2018\\\/03\\\/01_SINCERELY_NUTS_BIG_OK.png\",\"width\":1920,\"height\":720,\"caption\":\"ITAC-Food\"},\"image\":{\"@id\":\"https:\\\/\\\/www.itac-food.com\\\/#\\\/schema\\\/logo\\\/image\\\/\"},\"sameAs\":[\"https:\\\/\\\/www.facebook.com\\\/ItacFood\\\/\",\"https:\\\/\\\/x.com\\\/ItacFood\",\"https:\\\/\\\/www.instagram.com\\\/ITACfood\\\/\"]},{\"@type\":\"Person\",\"@id\":\"https:\\\/\\\/www.itac-food.com\\\/#\\\/schema\\\/person\\\/5248567fca01e6cea651ad6daa5171b9\",\"name\":\"itacfood\",\"image\":{\"@type\":\"ImageObject\",\"inLanguage\":\"pl-PL\",\"@id\":\"https:\\\/\\\/secure.gravatar.com\\\/avatar\\\/d776c62f975ecb1bf0e7a19765cdfee5128962c013e27517dcc532c2cf78e1a8?s=96&d=mm&r=g\",\"url\":\"https:\\\/\\\/secure.gravatar.com\\\/avatar\\\/d776c62f975ecb1bf0e7a19765cdfee5128962c013e27517dcc532c2cf78e1a8?s=96&d=mm&r=g\",\"contentUrl\":\"https:\\\/\\\/secure.gravatar.com\\\/avatar\\\/d776c62f975ecb1bf0e7a19765cdfee5128962c013e27517dcc532c2cf78e1a8?s=96&d=mm&r=g\",\"caption\":\"itacfood\"},\"url\":\"https:\\\/\\\/www.itac-food.com\\\/pl\\\/author\\\/itacfood\\\/\"}]}<\/script>\n<!-- \/ Yoast SEO plugin. -->","yoast_head_json":{"title":"ITAC FOOD - \u015awi\u0119to nietypowe, ale warto\u015bciowe!","description":"Ta orzeszkowa mi\u0142o\u015b\u0107 uros\u0142a do tego stopnia, \u017ce 13 wrze\u015bnia ka\u017cdego roku w Stanach obchodzi si\u0119 Narodowy Dzie\u0144 Orzeszka Ziemnego! W tym roku \u2013 my te\u017c \u015bwi\u0119tujemy!","robots":{"index":"index","follow":"follow","max-snippet":"max-snippet:-1","max-image-preview":"max-image-preview:large","max-video-preview":"max-video-preview:-1"},"canonical":"https:\/\/www.itac-food.com\/pl\/swieto-nietypowe-ale-wartosciowe\/","og_locale":"pl_PL","og_type":"article","og_title":"ITAC FOOD - \u015awi\u0119to nietypowe, ale warto\u015bciowe!","og_description":"Ta orzeszkowa mi\u0142o\u015b\u0107 uros\u0142a do tego stopnia, \u017ce 13 wrze\u015bnia ka\u017cdego roku w Stanach obchodzi si\u0119 Narodowy Dzie\u0144 Orzeszka Ziemnego! W tym roku \u2013 my te\u017c \u015bwi\u0119tujemy!","og_url":"https:\/\/www.itac-food.com\/pl\/swieto-nietypowe-ale-wartosciowe\/","og_site_name":"ITAC FOOD","article_publisher":"https:\/\/www.facebook.com\/ItacFood\/","article_published_time":"2019-09-19T14:06:01+00:00","article_modified_time":"2023-07-17T11:22:43+00:00","og_image":[{"width":1200,"height":800,"url":"https:\/\/www.itac-food.com\/wp-content\/uploads\/2019\/09\/itac_peanutday-2-1.jpg","type":"image\/jpeg"}],"author":"itacfood","twitter_card":"summary_large_image","twitter_creator":"@ItacFood","twitter_site":"@ItacFood","twitter_misc":{"Napisane przez":"itacfood","Szacowany czas czytania":"3 minuty"},"schema":{"@context":"https:\/\/schema.org","@graph":[{"@type":"Article","@id":"https:\/\/www.itac-food.com\/pl\/swieto-nietypowe-ale-wartosciowe\/#article","isPartOf":{"@id":"https:\/\/www.itac-food.com\/pl\/swieto-nietypowe-ale-wartosciowe\/"},"author":{"name":"itacfood","@id":"https:\/\/www.itac-food.com\/#\/schema\/person\/5248567fca01e6cea651ad6daa5171b9"},"headline":"\u015awi\u0119to nietypowe, ale warto\u015bciowe!","datePublished":"2019-09-19T14:06:01+00:00","dateModified":"2023-07-17T11:22:43+00:00","mainEntityOfPage":{"@id":"https:\/\/www.itac-food.com\/pl\/swieto-nietypowe-ale-wartosciowe\/"},"wordCount":725,"publisher":{"@id":"https:\/\/www.itac-food.com\/#organization"},"image":{"@id":"https:\/\/www.itac-food.com\/pl\/swieto-nietypowe-ale-wartosciowe\/#primaryimage"},"thumbnailUrl":"https:\/\/www.itac-food.com\/wp-content\/uploads\/2019\/09\/itac_peanutday-2-1.jpg","articleSection":["NIEZ\u0141Y ORZECH"],"inLanguage":"pl-PL"},{"@type":"WebPage","@id":"https:\/\/www.itac-food.com\/pl\/swieto-nietypowe-ale-wartosciowe\/","url":"https:\/\/www.itac-food.com\/pl\/swieto-nietypowe-ale-wartosciowe\/","name":"ITAC FOOD - \u015awi\u0119to nietypowe, ale warto\u015bciowe!","isPartOf":{"@id":"https:\/\/www.itac-food.com\/#website"},"primaryImageOfPage":{"@id":"https:\/\/www.itac-food.com\/pl\/swieto-nietypowe-ale-wartosciowe\/#primaryimage"},"image":{"@id":"https:\/\/www.itac-food.com\/pl\/swieto-nietypowe-ale-wartosciowe\/#primaryimage"},"thumbnailUrl":"https:\/\/www.itac-food.com\/wp-content\/uploads\/2019\/09\/itac_peanutday-2-1.jpg","datePublished":"2019-09-19T14:06:01+00:00","dateModified":"2023-07-17T11:22:43+00:00","description":"Ta orzeszkowa mi\u0142o\u015b\u0107 uros\u0142a do tego stopnia, \u017ce 13 wrze\u015bnia ka\u017cdego roku w Stanach obchodzi si\u0119 Narodowy Dzie\u0144 Orzeszka Ziemnego! W tym roku \u2013 my te\u017c \u015bwi\u0119tujemy!","breadcrumb":{"@id":"https:\/\/www.itac-food.com\/pl\/swieto-nietypowe-ale-wartosciowe\/#breadcrumb"},"inLanguage":"pl-PL","potentialAction":[{"@type":"ReadAction","target":["https:\/\/www.itac-food.com\/pl\/swieto-nietypowe-ale-wartosciowe\/"]}]},{"@type":"ImageObject","inLanguage":"pl-PL","@id":"https:\/\/www.itac-food.com\/pl\/swieto-nietypowe-ale-wartosciowe\/#primaryimage","url":"https:\/\/www.itac-food.com\/wp-content\/uploads\/2019\/09\/itac_peanutday-2-1.jpg","contentUrl":"https:\/\/www.itac-food.com\/wp-content\/uploads\/2019\/09\/itac_peanutday-2-1.jpg","width":1200,"height":800},{"@type":"BreadcrumbList","@id":"https:\/\/www.itac-food.com\/pl\/swieto-nietypowe-ale-wartosciowe\/#breadcrumb","itemListElement":[{"@type":"ListItem","position":1,"name":"Home","item":"https:\/\/www.itac-food.com\/pl\/"},{"@type":"ListItem","position":2,"name":"\u015awi\u0119to nietypowe, ale warto\u015bciowe!"}]},{"@type":"WebSite","@id":"https:\/\/www.itac-food.com\/#website","url":"https:\/\/www.itac-food.com\/","name":"ITAC FOOD","description":"ITAC FOOD","publisher":{"@id":"https:\/\/www.itac-food.com\/#organization"},"potentialAction":[{"@type":"SearchAction","target":{"@type":"EntryPoint","urlTemplate":"https:\/\/www.itac-food.com\/?s={search_term_string}"},"query-input":{"@type":"PropertyValueSpecification","valueRequired":true,"valueName":"search_term_string"}}],"inLanguage":"pl-PL"},{"@type":"Organization","@id":"https:\/\/www.itac-food.com\/#organization","name":"ITAC-Food","url":"https:\/\/www.itac-food.com\/","logo":{"@type":"ImageObject","inLanguage":"pl-PL","@id":"https:\/\/www.itac-food.com\/#\/schema\/logo\/image\/","url":"https:\/\/www.itac-food.com\/wp-content\/uploads\/2018\/03\/01_SINCERELY_NUTS_BIG_OK.png","contentUrl":"https:\/\/www.itac-food.com\/wp-content\/uploads\/2018\/03\/01_SINCERELY_NUTS_BIG_OK.png","width":1920,"height":720,"caption":"ITAC-Food"},"image":{"@id":"https:\/\/www.itac-food.com\/#\/schema\/logo\/image\/"},"sameAs":["https:\/\/www.facebook.com\/ItacFood\/","https:\/\/x.com\/ItacFood","https:\/\/www.instagram.com\/ITACfood\/"]},{"@type":"Person","@id":"https:\/\/www.itac-food.com\/#\/schema\/person\/5248567fca01e6cea651ad6daa5171b9","name":"itacfood","image":{"@type":"ImageObject","inLanguage":"pl-PL","@id":"https:\/\/secure.gravatar.com\/avatar\/d776c62f975ecb1bf0e7a19765cdfee5128962c013e27517dcc532c2cf78e1a8?s=96&d=mm&r=g","url":"https:\/\/secure.gravatar.com\/avatar\/d776c62f975ecb1bf0e7a19765cdfee5128962c013e27517dcc532c2cf78e1a8?s=96&d=mm&r=g","contentUrl":"https:\/\/secure.gravatar.com\/avatar\/d776c62f975ecb1bf0e7a19765cdfee5128962c013e27517dcc532c2cf78e1a8?s=96&d=mm&r=g","caption":"itacfood"},"url":"https:\/\/www.itac-food.com\/pl\/author\/itacfood\/"}]}},"_links":{"self":[{"href":"https:\/\/www.itac-food.com\/pl\/wp-json\/wp\/v2\/posts\/2947","targetHints":{"allow":["GET"]}}],"collection":[{"href":"https:\/\/www.itac-food.com\/pl\/wp-json\/wp\/v2\/posts"}],"about":[{"href":"https:\/\/www.itac-food.com\/pl\/wp-json\/wp\/v2\/types\/post"}],"author":[{"embeddable":true,"href":"https:\/\/www.itac-food.com\/pl\/wp-json\/wp\/v2\/users\/7"}],"replies":[{"embeddable":true,"href":"https:\/\/www.itac-food.com\/pl\/wp-json\/wp\/v2\/comments?post=2947"}],"version-history":[{"count":4,"href":"https:\/\/www.itac-food.com\/pl\/wp-json\/wp\/v2\/posts\/2947\/revisions"}],"predecessor-version":[{"id":3565,"href":"https:\/\/www.itac-food.com\/pl\/wp-json\/wp\/v2\/posts\/2947\/revisions\/3565"}],"wp:featuredmedia":[{"embeddable":true,"href":"https:\/\/www.itac-food.com\/pl\/wp-json\/wp\/v2\/media\/2948"}],"wp:attachment":[{"href":"https:\/\/www.itac-food.com\/pl\/wp-json\/wp\/v2\/media?parent=2947"}],"wp:term":[{"taxonomy":"category","embeddable":true,"href":"https:\/\/www.itac-food.com\/pl\/wp-json\/wp\/v2\/categories?post=2947"},{"taxonomy":"post_tag","embeddable":true,"href":"https:\/\/www.itac-food.com\/pl\/wp-json\/wp\/v2\/tags?post=2947"}],"curies":[{"name":"wp","href":"https:\/\/api.w.org\/{rel}","templated":true}]}}