{"id":2966,"date":"2019-09-25T09:13:30","date_gmt":"2019-09-25T08:13:30","guid":{"rendered":"https:\/\/www.itac-food.com\/?p=2966"},"modified":"2023-07-17T12:26:10","modified_gmt":"2023-07-17T11:26:10","slug":"smaczne-wspomnienie-lata","status":"publish","type":"post","link":"https:\/\/www.itac-food.com\/pl\/smaczne-wspomnienie-lata\/","title":{"rendered":"Smaczne wspomnienie lata"},"content":{"rendered":"<div class=\"wpb-content-wrapper\"><p>[vc_row unlock_row_content=&#8221;yes&#8221; row_height_percent=&#8221;0&#8243; override_padding=&#8221;yes&#8221; h_padding=&#8221;0&#8243; top_padding=&#8221;2&#8243; bottom_padding=&#8221;2&#8243; overlay_alpha=&#8221;50&#8243; gutter_size=&#8221;3&#8243; column_width_percent=&#8221;100&#8243; shift_y=&#8221;0&#8243; z_index=&#8221;0&#8243;][vc_column column_width_percent=&#8221;100&#8243; align_horizontal=&#8221;align_center&#8221; gutter_size=&#8221;3&#8243; override_padding=&#8221;yes&#8221; column_padding=&#8221;0&#8243; overlay_alpha=&#8221;50&#8243; shift_x=&#8221;0&#8243; shift_y=&#8221;0&#8243; shift_y_down=&#8221;0&#8243; z_index=&#8221;0&#8243; medium_width=&#8221;0&#8243; mobile_width=&#8221;0&#8243; width=&#8221;1\/1&#8243;][uncode_block id=&#8221;1383&#8243;][\/vc_column][\/vc_row][vc_row row_height_percent=&#8221;0&#8243; override_padding=&#8221;yes&#8221; h_padding=&#8221;1&#8243; top_padding=&#8221;2&#8243; bottom_padding=&#8221;0&#8243; overlay_alpha=&#8221;50&#8243; equal_height=&#8221;yes&#8221; gutter_size=&#8221;0&#8243; column_width_percent=&#8221;100&#8243; shift_y=&#8221;0&#8243; z_index=&#8221;0&#8243;][vc_column column_width_percent=&#8221;100&#8243; position_vertical=&#8221;middle&#8221; gutter_size=&#8221;3&#8243; back_image=&#8221;903&#8243; overlay_alpha=&#8221;50&#8243; shift_x=&#8221;0&#8243; shift_y=&#8221;0&#8243; shift_y_down=&#8221;0&#8243; z_index=&#8221;2&#8243; medium_width=&#8221;0&#8243; mobile_width=&#8221;0&#8243; width=&#8221;1\/2&#8243; css=&#8221;.vc_custom_1563272934296{padding-right: 20px !important;}&#8221;][vc_custom_heading auto_text=&#8221;yes&#8221; heading_semantic=&#8221;h1&#8243; text_size=&#8221;h1&#8243; text_transform=&#8221;uppercase&#8221; separator=&#8221;yes&#8221;]<b>\u00a0<\/b><b>Smaczne wspomnienie lata<\/b>[\/vc_custom_heading][vc_column_text]<span style=\"font-weight: 400;\">Chocia\u017c za oknem ostatnie promienie letniego\u00a0 s\u0142o\u0144ca, a przed nami wizja ch\u0142odnych, jesiennych porank\u00f3w, mamy spos\u00f3b na to, aby sezon na owoce trwa\u0142 przez ca\u0142y rok! Suszone owoce <\/span> <b>Hello Fruity<\/b><span style=\"font-weight: 400;\"> \u2013 to najs\u0142odsze wspomnienie lata, zawsze pod r\u0119k\u0105! W biurze, w szkole lub w podr\u00f3\u017cy! Z nami nie dasz si\u0119 jesiennej chandrze. <\/span>[\/vc_column_text][\/vc_column][vc_column column_width_percent=&#8221;100&#8243; align_horizontal=&#8221;align_center&#8221; gutter_size=&#8221;0&#8243; override_padding=&#8221;yes&#8221; column_padding=&#8221;0&#8243; expand_height=&#8221;yes&#8221; overlay_alpha=&#8221;50&#8243; shift_x=&#8221;0&#8243; shift_y=&#8221;0&#8243; shift_y_down=&#8221;0&#8243; z_index=&#8221;0&#8243; medium_width=&#8221;0&#8243; mobile_width=&#8221;0&#8243; width=&#8221;1\/2&#8243;][vc_single_image media=&#8221;2967&#8243; media_width_percent=&#8221;100&#8243; media_ratio=&#8221;three-two&#8221; alignment=&#8221;center&#8221; el_class=&#8221;coverimg&#8221;][\/vc_column][\/vc_row][vc_row row_height_percent=&#8221;0&#8243; override_padding=&#8221;yes&#8221; h_padding=&#8221;0&#8243; top_padding=&#8221;0&#8243; bottom_padding=&#8221;0&#8243; overlay_alpha=&#8221;50&#8243; gutter_size=&#8221;3&#8243; column_width_percent=&#8221;100&#8243; shift_y=&#8221;0&#8243; z_index=&#8221;0&#8243;][vc_column column_width_percent=&#8221;100&#8243; position_vertical=&#8221;middle&#8221; gutter_size=&#8221;3&#8243; overlay_alpha=&#8221;50&#8243; shift_x=&#8221;0&#8243; shift_y=&#8221;0&#8243; shift_y_down=&#8221;0&#8243; z_index=&#8221;0&#8243; medium_width=&#8221;0&#8243; mobile_width=&#8221;0&#8243; width=&#8221;1\/2&#8243;][vc_empty_space][vc_single_image media=&#8221;2984&#8243; media_width_percent=&#8221;100&#8243;][vc_empty_space empty_h=&#8221;2&#8243; medium_visibility=&#8221;yes&#8221; mobile_visibility=&#8221;yes&#8221;][\/vc_column][vc_column column_width_percent=&#8221;100&#8243; position_horizontal=&#8221;left&#8221; gutter_size=&#8221;3&#8243; overlay_alpha=&#8221;50&#8243; shift_x=&#8221;0&#8243; shift_y=&#8221;0&#8243; shift_y_down=&#8221;0&#8243; z_index=&#8221;0&#8243; medium_width=&#8221;0&#8243; mobile_width=&#8221;0&#8243; width=&#8221;1\/2&#8243;][vc_empty_space empty_h=&#8221;1&#8243;][vc_column_text el_class=&#8221;margenes&#8221; css=&#8221;.vc_custom_1597062020715{margin-left: 0px !important;}&#8221;]<b>Hello Fruity<\/b><span style=\"font-weight: 400;\"> to ca\u0142a gama s\u0142odko\u015bci, idealnych na ka\u017cda okazj\u0119 \u2013 ma\u0142\u0105 i du\u017c\u0105. To pe\u0142ne s\u0142o\u0144ca owoce zamkni\u0119te w por\u0119cznej paczuszce, kt\u00f3r\u0105 zabierzesz ze sob\u0105 wsz\u0119dzie. Ich smak z pewno\u015bci\u0105 przypomni wakacyjn\u0105 podr\u00f3\u017c pe\u0142n\u0105 wyzwa\u0144! Os\u0142odz\u0105 powr\u00f3t do pracy, sprawi\u0105, \u017ce kr\u00f3tka przerwa lekko si\u0119 wyd\u0142u\u017cy&#8230; a wspomnienia? Same wracaj\u0105! Idealnie sprawdz\u0105 si\u0119 jako <\/span><b>przek\u0105ska<\/b><span style=\"font-weight: 400;\">, ale te\u017c dodatek, dzi\u0119ki kt\u00f3remu dzie\u0144 stanie na g\u0142owie, w jak\u017ce pyszny spos\u00f3b!\u00a0<\/span><\/p>\n<p><b>Suszone owoce<\/b><span style=\"font-weight: 400;\"> to te\u017c szeroki wachlarz od\u017cywczych w\u0142a\u015bciwo\u015bci \u2013 <\/span><b>Hello Fruity<\/b><span style=\"font-weight: 400;\"> s\u0105 nie tylko smaczne, ale r\u00f3wnie\u017c warto\u015bciowe. <\/span><b>Suszona \u017curawina<\/b><span style=\"font-weight: 400;\"> pozytywnie wp\u0142ywa na prac\u0119 naszego uk\u0142adu krwiono\u015bnego, <\/span><b>\u015bliwka<\/b><span style=\"font-weight: 400;\"> wspomaga prawid\u0142owy proces trawienia i <\/span><b>zapobiega wch\u0142anianiu cholesterolu<\/b><span style=\"font-weight: 400;\">, a <\/span><b>morele<\/b><span style=\"font-weight: 400;\">? Dzia\u0142aj\u0105 na plus, je\u015bli chodzi o nasz <\/span><b>uk\u0142ad odporno\u015bciowy<\/b><span style=\"font-weight: 400;\"> i <\/span><b>regulacj\u0119 ci\u015bnienia<\/b><span style=\"font-weight: 400;\">. Itac jest w czym wybiera\u0107! Powiedz Hello wspomnieniom z wakacji i wracaj do nich za ka\u017cdym razem, gdy otworzysz paczk\u0119.\u00a0<\/span><\/p>\n<p><span style=\"font-weight: 400;\">A jakie s\u0105 Twoje sposoby na przywo\u0142anie lata?\u00a0<\/span><\/p>\n<p><i><span style=\"font-weight: 400;\">Wi\u0119cej informacji na temat pistacji i orzech\u00f3w znajdziesz:<\/span><\/i><\/p>\n<p><a href=\"https:\/\/www.itac-food.com\/pl\/\"><span style=\"font-weight: 400;\">HELLO FRUITY<\/span><\/a><b>\u00a0<\/b>[\/vc_column_text][\/vc_column][\/vc_row][vc_row][vc_column width=&#8221;1\/4&#8243;][\/vc_column][vc_column width=&#8221;1\/4&#8243;][\/vc_column][vc_column width=&#8221;1\/4&#8243;][vc_empty_space empty_h=&#8221;1&#8243;][\/vc_column][vc_column width=&#8221;1\/4&#8243;][\/vc_column][\/vc_row][vc_row][vc_column column_width_percent=&#8221;100&#8243; position_vertical=&#8221;middle&#8221; align_horizontal=&#8221;align_center&#8221; gutter_size=&#8221;3&#8243; overlay_alpha=&#8221;50&#8243; shift_x=&#8221;0&#8243; shift_y=&#8221;0&#8243; shift_y_down=&#8221;0&#8243; z_index=&#8221;0&#8243; medium_width=&#8221;0&#8243; mobile_width=&#8221;0&#8243; width=&#8221;1\/1&#8243;][uncode_share layout=&#8221;multiple&#8221; bigger=&#8221;yes&#8221; separator=&#8221;yes&#8221; title=&#8221;PODZIEL SI\u0118&#8221;][\/vc_column][\/vc_row]<\/p>\n<\/div>","protected":false},"excerpt":{"rendered":"<p>Suszone owoce Hello Fruity \u2013 to najs\u0142odsze wspomnienie lata, zawsze pod r\u0119k\u0105! W biurze, w szkole lub w podr\u00f3\u017cy! Z nami nie dasz si\u0119 jesiennej chandrze<\/p>\n","protected":false},"author":7,"featured_media":2967,"comment_status":"closed","ping_status":"closed","sticky":false,"template":"","format":"standard","meta":{"footnotes":""},"categories":[52],"tags":[],"class_list":["post-2966","post","type-post","status-publish","format-standard","has-post-thumbnail","hentry","category-wez-zdrowie-we-wlasne-rece"],"yoast_head":"<!-- This site is optimized with the Yoast SEO plugin v27.3 - https:\/\/yoast.com\/product\/yoast-seo-wordpress\/ -->\n<title>ITAC FOOD - Smaczne wspomnienie lata<\/title>\n<meta name=\"description\" content=\"Czyli krem z selera naciowego z orzeszkami ziemnymi Itac! To zupamocno wyrazista i rozgrzewaj\u0105ca! Ju\u017c po pierwszej \u0142y\u017cce ogarnie Ci\u0119 b\u0142ogie ciep\u0142o i na sercu zrobisi\u0119 l\u017cej. Ju\u017c sprawdzili\u015bmy!\" \/>\n<meta name=\"robots\" content=\"index, follow, max-snippet:-1, max-image-preview:large, max-video-preview:-1\" \/>\n<link rel=\"canonical\" href=\"https:\/\/www.itac-food.com\/pl\/smaczne-wspomnienie-lata\/\" \/>\n<meta property=\"og:locale\" content=\"pl_PL\" \/>\n<meta property=\"og:type\" content=\"article\" \/>\n<meta property=\"og:title\" content=\"ITAC FOOD - Smaczne wspomnienie lata\" \/>\n<meta property=\"og:description\" content=\"Czyli krem z selera naciowego z orzeszkami ziemnymi Itac! To zupamocno wyrazista i rozgrzewaj\u0105ca! Ju\u017c po pierwszej \u0142y\u017cce ogarnie Ci\u0119 b\u0142ogie ciep\u0142o i na sercu zrobisi\u0119 l\u017cej. Ju\u017c sprawdzili\u015bmy!\" \/>\n<meta property=\"og:url\" content=\"https:\/\/www.itac-food.com\/pl\/smaczne-wspomnienie-lata\/\" \/>\n<meta property=\"og:site_name\" content=\"ITAC FOOD\" \/>\n<meta property=\"article:publisher\" content=\"https:\/\/www.facebook.com\/ItacFood\/\" \/>\n<meta property=\"article:published_time\" content=\"2019-09-25T08:13:30+00:00\" \/>\n<meta property=\"article:modified_time\" content=\"2023-07-17T11:26:10+00:00\" \/>\n<meta property=\"og:image\" content=\"https:\/\/www.itac-food.com\/wp-content\/uploads\/2019\/09\/itac_lato2.jpg\" \/>\n\t<meta property=\"og:image:width\" content=\"1200\" \/>\n\t<meta property=\"og:image:height\" content=\"859\" \/>\n\t<meta property=\"og:image:type\" content=\"image\/jpeg\" \/>\n<meta name=\"author\" content=\"itacfood\" \/>\n<meta name=\"twitter:card\" content=\"summary_large_image\" \/>\n<meta name=\"twitter:creator\" content=\"@ItacFood\" \/>\n<meta name=\"twitter:site\" content=\"@ItacFood\" \/>\n<meta name=\"twitter:label1\" content=\"Napisane przez\" \/>\n\t<meta name=\"twitter:data1\" content=\"itacfood\" \/>\n\t<meta name=\"twitter:label2\" content=\"Szacowany czas czytania\" \/>\n\t<meta name=\"twitter:data2\" content=\"3 minuty\" \/>\n<script type=\"application\/ld+json\" class=\"yoast-schema-graph\">{\"@context\":\"https:\\\/\\\/schema.org\",\"@graph\":[{\"@type\":\"Article\",\"@id\":\"https:\\\/\\\/www.itac-food.com\\\/pl\\\/smaczne-wspomnienie-lata\\\/#article\",\"isPartOf\":{\"@id\":\"https:\\\/\\\/www.itac-food.com\\\/pl\\\/smaczne-wspomnienie-lata\\\/\"},\"author\":{\"name\":\"itacfood\",\"@id\":\"https:\\\/\\\/www.itac-food.com\\\/#\\\/schema\\\/person\\\/5248567fca01e6cea651ad6daa5171b9\"},\"headline\":\"Smaczne wspomnienie lata\",\"datePublished\":\"2019-09-25T08:13:30+00:00\",\"dateModified\":\"2023-07-17T11:26:10+00:00\",\"mainEntityOfPage\":{\"@id\":\"https:\\\/\\\/www.itac-food.com\\\/pl\\\/smaczne-wspomnienie-lata\\\/\"},\"wordCount\":677,\"publisher\":{\"@id\":\"https:\\\/\\\/www.itac-food.com\\\/#organization\"},\"image\":{\"@id\":\"https:\\\/\\\/www.itac-food.com\\\/pl\\\/smaczne-wspomnienie-lata\\\/#primaryimage\"},\"thumbnailUrl\":\"https:\\\/\\\/www.itac-food.com\\\/wp-content\\\/uploads\\\/2019\\\/09\\\/itac_lato2.jpg\",\"articleSection\":[\"WE\u0179 ZDROWIE WE W\u0141ASNE R\u0118CE!\"],\"inLanguage\":\"pl-PL\"},{\"@type\":\"WebPage\",\"@id\":\"https:\\\/\\\/www.itac-food.com\\\/pl\\\/smaczne-wspomnienie-lata\\\/\",\"url\":\"https:\\\/\\\/www.itac-food.com\\\/pl\\\/smaczne-wspomnienie-lata\\\/\",\"name\":\"ITAC FOOD - Smaczne wspomnienie lata\",\"isPartOf\":{\"@id\":\"https:\\\/\\\/www.itac-food.com\\\/#website\"},\"primaryImageOfPage\":{\"@id\":\"https:\\\/\\\/www.itac-food.com\\\/pl\\\/smaczne-wspomnienie-lata\\\/#primaryimage\"},\"image\":{\"@id\":\"https:\\\/\\\/www.itac-food.com\\\/pl\\\/smaczne-wspomnienie-lata\\\/#primaryimage\"},\"thumbnailUrl\":\"https:\\\/\\\/www.itac-food.com\\\/wp-content\\\/uploads\\\/2019\\\/09\\\/itac_lato2.jpg\",\"datePublished\":\"2019-09-25T08:13:30+00:00\",\"dateModified\":\"2023-07-17T11:26:10+00:00\",\"description\":\"Czyli krem z selera naciowego z orzeszkami ziemnymi Itac! To zupamocno wyrazista i rozgrzewaj\u0105ca! Ju\u017c po pierwszej \u0142y\u017cce ogarnie Ci\u0119 b\u0142ogie ciep\u0142o i na sercu zrobisi\u0119 l\u017cej. Ju\u017c sprawdzili\u015bmy!\",\"breadcrumb\":{\"@id\":\"https:\\\/\\\/www.itac-food.com\\\/pl\\\/smaczne-wspomnienie-lata\\\/#breadcrumb\"},\"inLanguage\":\"pl-PL\",\"potentialAction\":[{\"@type\":\"ReadAction\",\"target\":[\"https:\\\/\\\/www.itac-food.com\\\/pl\\\/smaczne-wspomnienie-lata\\\/\"]}]},{\"@type\":\"ImageObject\",\"inLanguage\":\"pl-PL\",\"@id\":\"https:\\\/\\\/www.itac-food.com\\\/pl\\\/smaczne-wspomnienie-lata\\\/#primaryimage\",\"url\":\"https:\\\/\\\/www.itac-food.com\\\/wp-content\\\/uploads\\\/2019\\\/09\\\/itac_lato2.jpg\",\"contentUrl\":\"https:\\\/\\\/www.itac-food.com\\\/wp-content\\\/uploads\\\/2019\\\/09\\\/itac_lato2.jpg\",\"width\":1200,\"height\":859},{\"@type\":\"BreadcrumbList\",\"@id\":\"https:\\\/\\\/www.itac-food.com\\\/pl\\\/smaczne-wspomnienie-lata\\\/#breadcrumb\",\"itemListElement\":[{\"@type\":\"ListItem\",\"position\":1,\"name\":\"Home\",\"item\":\"https:\\\/\\\/www.itac-food.com\\\/pl\\\/\"},{\"@type\":\"ListItem\",\"position\":2,\"name\":\"Smaczne wspomnienie lata\"}]},{\"@type\":\"WebSite\",\"@id\":\"https:\\\/\\\/www.itac-food.com\\\/#website\",\"url\":\"https:\\\/\\\/www.itac-food.com\\\/\",\"name\":\"ITAC FOOD\",\"description\":\"ITAC FOOD\",\"publisher\":{\"@id\":\"https:\\\/\\\/www.itac-food.com\\\/#organization\"},\"potentialAction\":[{\"@type\":\"SearchAction\",\"target\":{\"@type\":\"EntryPoint\",\"urlTemplate\":\"https:\\\/\\\/www.itac-food.com\\\/?s={search_term_string}\"},\"query-input\":{\"@type\":\"PropertyValueSpecification\",\"valueRequired\":true,\"valueName\":\"search_term_string\"}}],\"inLanguage\":\"pl-PL\"},{\"@type\":\"Organization\",\"@id\":\"https:\\\/\\\/www.itac-food.com\\\/#organization\",\"name\":\"ITAC-Food\",\"url\":\"https:\\\/\\\/www.itac-food.com\\\/\",\"logo\":{\"@type\":\"ImageObject\",\"inLanguage\":\"pl-PL\",\"@id\":\"https:\\\/\\\/www.itac-food.com\\\/#\\\/schema\\\/logo\\\/image\\\/\",\"url\":\"https:\\\/\\\/www.itac-food.com\\\/wp-content\\\/uploads\\\/2018\\\/03\\\/01_SINCERELY_NUTS_BIG_OK.png\",\"contentUrl\":\"https:\\\/\\\/www.itac-food.com\\\/wp-content\\\/uploads\\\/2018\\\/03\\\/01_SINCERELY_NUTS_BIG_OK.png\",\"width\":1920,\"height\":720,\"caption\":\"ITAC-Food\"},\"image\":{\"@id\":\"https:\\\/\\\/www.itac-food.com\\\/#\\\/schema\\\/logo\\\/image\\\/\"},\"sameAs\":[\"https:\\\/\\\/www.facebook.com\\\/ItacFood\\\/\",\"https:\\\/\\\/x.com\\\/ItacFood\",\"https:\\\/\\\/www.instagram.com\\\/ITACfood\\\/\"]},{\"@type\":\"Person\",\"@id\":\"https:\\\/\\\/www.itac-food.com\\\/#\\\/schema\\\/person\\\/5248567fca01e6cea651ad6daa5171b9\",\"name\":\"itacfood\",\"image\":{\"@type\":\"ImageObject\",\"inLanguage\":\"pl-PL\",\"@id\":\"https:\\\/\\\/secure.gravatar.com\\\/avatar\\\/d776c62f975ecb1bf0e7a19765cdfee5128962c013e27517dcc532c2cf78e1a8?s=96&d=mm&r=g\",\"url\":\"https:\\\/\\\/secure.gravatar.com\\\/avatar\\\/d776c62f975ecb1bf0e7a19765cdfee5128962c013e27517dcc532c2cf78e1a8?s=96&d=mm&r=g\",\"contentUrl\":\"https:\\\/\\\/secure.gravatar.com\\\/avatar\\\/d776c62f975ecb1bf0e7a19765cdfee5128962c013e27517dcc532c2cf78e1a8?s=96&d=mm&r=g\",\"caption\":\"itacfood\"},\"url\":\"https:\\\/\\\/www.itac-food.com\\\/pl\\\/author\\\/itacfood\\\/\"}]}<\/script>\n<!-- \/ Yoast SEO plugin. -->","yoast_head_json":{"title":"ITAC FOOD - Smaczne wspomnienie lata","description":"Czyli krem z selera naciowego z orzeszkami ziemnymi Itac! To zupamocno wyrazista i rozgrzewaj\u0105ca! Ju\u017c po pierwszej \u0142y\u017cce ogarnie Ci\u0119 b\u0142ogie ciep\u0142o i na sercu zrobisi\u0119 l\u017cej. Ju\u017c sprawdzili\u015bmy!","robots":{"index":"index","follow":"follow","max-snippet":"max-snippet:-1","max-image-preview":"max-image-preview:large","max-video-preview":"max-video-preview:-1"},"canonical":"https:\/\/www.itac-food.com\/pl\/smaczne-wspomnienie-lata\/","og_locale":"pl_PL","og_type":"article","og_title":"ITAC FOOD - Smaczne wspomnienie lata","og_description":"Czyli krem z selera naciowego z orzeszkami ziemnymi Itac! To zupamocno wyrazista i rozgrzewaj\u0105ca! Ju\u017c po pierwszej \u0142y\u017cce ogarnie Ci\u0119 b\u0142ogie ciep\u0142o i na sercu zrobisi\u0119 l\u017cej. Ju\u017c sprawdzili\u015bmy!","og_url":"https:\/\/www.itac-food.com\/pl\/smaczne-wspomnienie-lata\/","og_site_name":"ITAC FOOD","article_publisher":"https:\/\/www.facebook.com\/ItacFood\/","article_published_time":"2019-09-25T08:13:30+00:00","article_modified_time":"2023-07-17T11:26:10+00:00","og_image":[{"width":1200,"height":859,"url":"https:\/\/www.itac-food.com\/wp-content\/uploads\/2019\/09\/itac_lato2.jpg","type":"image\/jpeg"}],"author":"itacfood","twitter_card":"summary_large_image","twitter_creator":"@ItacFood","twitter_site":"@ItacFood","twitter_misc":{"Napisane przez":"itacfood","Szacowany czas czytania":"3 minuty"},"schema":{"@context":"https:\/\/schema.org","@graph":[{"@type":"Article","@id":"https:\/\/www.itac-food.com\/pl\/smaczne-wspomnienie-lata\/#article","isPartOf":{"@id":"https:\/\/www.itac-food.com\/pl\/smaczne-wspomnienie-lata\/"},"author":{"name":"itacfood","@id":"https:\/\/www.itac-food.com\/#\/schema\/person\/5248567fca01e6cea651ad6daa5171b9"},"headline":"Smaczne wspomnienie lata","datePublished":"2019-09-25T08:13:30+00:00","dateModified":"2023-07-17T11:26:10+00:00","mainEntityOfPage":{"@id":"https:\/\/www.itac-food.com\/pl\/smaczne-wspomnienie-lata\/"},"wordCount":677,"publisher":{"@id":"https:\/\/www.itac-food.com\/#organization"},"image":{"@id":"https:\/\/www.itac-food.com\/pl\/smaczne-wspomnienie-lata\/#primaryimage"},"thumbnailUrl":"https:\/\/www.itac-food.com\/wp-content\/uploads\/2019\/09\/itac_lato2.jpg","articleSection":["WE\u0179 ZDROWIE WE W\u0141ASNE R\u0118CE!"],"inLanguage":"pl-PL"},{"@type":"WebPage","@id":"https:\/\/www.itac-food.com\/pl\/smaczne-wspomnienie-lata\/","url":"https:\/\/www.itac-food.com\/pl\/smaczne-wspomnienie-lata\/","name":"ITAC FOOD - Smaczne wspomnienie lata","isPartOf":{"@id":"https:\/\/www.itac-food.com\/#website"},"primaryImageOfPage":{"@id":"https:\/\/www.itac-food.com\/pl\/smaczne-wspomnienie-lata\/#primaryimage"},"image":{"@id":"https:\/\/www.itac-food.com\/pl\/smaczne-wspomnienie-lata\/#primaryimage"},"thumbnailUrl":"https:\/\/www.itac-food.com\/wp-content\/uploads\/2019\/09\/itac_lato2.jpg","datePublished":"2019-09-25T08:13:30+00:00","dateModified":"2023-07-17T11:26:10+00:00","description":"Czyli krem z selera naciowego z orzeszkami ziemnymi Itac! To zupamocno wyrazista i rozgrzewaj\u0105ca! Ju\u017c po pierwszej \u0142y\u017cce ogarnie Ci\u0119 b\u0142ogie ciep\u0142o i na sercu zrobisi\u0119 l\u017cej. Ju\u017c sprawdzili\u015bmy!","breadcrumb":{"@id":"https:\/\/www.itac-food.com\/pl\/smaczne-wspomnienie-lata\/#breadcrumb"},"inLanguage":"pl-PL","potentialAction":[{"@type":"ReadAction","target":["https:\/\/www.itac-food.com\/pl\/smaczne-wspomnienie-lata\/"]}]},{"@type":"ImageObject","inLanguage":"pl-PL","@id":"https:\/\/www.itac-food.com\/pl\/smaczne-wspomnienie-lata\/#primaryimage","url":"https:\/\/www.itac-food.com\/wp-content\/uploads\/2019\/09\/itac_lato2.jpg","contentUrl":"https:\/\/www.itac-food.com\/wp-content\/uploads\/2019\/09\/itac_lato2.jpg","width":1200,"height":859},{"@type":"BreadcrumbList","@id":"https:\/\/www.itac-food.com\/pl\/smaczne-wspomnienie-lata\/#breadcrumb","itemListElement":[{"@type":"ListItem","position":1,"name":"Home","item":"https:\/\/www.itac-food.com\/pl\/"},{"@type":"ListItem","position":2,"name":"Smaczne wspomnienie lata"}]},{"@type":"WebSite","@id":"https:\/\/www.itac-food.com\/#website","url":"https:\/\/www.itac-food.com\/","name":"ITAC FOOD","description":"ITAC FOOD","publisher":{"@id":"https:\/\/www.itac-food.com\/#organization"},"potentialAction":[{"@type":"SearchAction","target":{"@type":"EntryPoint","urlTemplate":"https:\/\/www.itac-food.com\/?s={search_term_string}"},"query-input":{"@type":"PropertyValueSpecification","valueRequired":true,"valueName":"search_term_string"}}],"inLanguage":"pl-PL"},{"@type":"Organization","@id":"https:\/\/www.itac-food.com\/#organization","name":"ITAC-Food","url":"https:\/\/www.itac-food.com\/","logo":{"@type":"ImageObject","inLanguage":"pl-PL","@id":"https:\/\/www.itac-food.com\/#\/schema\/logo\/image\/","url":"https:\/\/www.itac-food.com\/wp-content\/uploads\/2018\/03\/01_SINCERELY_NUTS_BIG_OK.png","contentUrl":"https:\/\/www.itac-food.com\/wp-content\/uploads\/2018\/03\/01_SINCERELY_NUTS_BIG_OK.png","width":1920,"height":720,"caption":"ITAC-Food"},"image":{"@id":"https:\/\/www.itac-food.com\/#\/schema\/logo\/image\/"},"sameAs":["https:\/\/www.facebook.com\/ItacFood\/","https:\/\/x.com\/ItacFood","https:\/\/www.instagram.com\/ITACfood\/"]},{"@type":"Person","@id":"https:\/\/www.itac-food.com\/#\/schema\/person\/5248567fca01e6cea651ad6daa5171b9","name":"itacfood","image":{"@type":"ImageObject","inLanguage":"pl-PL","@id":"https:\/\/secure.gravatar.com\/avatar\/d776c62f975ecb1bf0e7a19765cdfee5128962c013e27517dcc532c2cf78e1a8?s=96&d=mm&r=g","url":"https:\/\/secure.gravatar.com\/avatar\/d776c62f975ecb1bf0e7a19765cdfee5128962c013e27517dcc532c2cf78e1a8?s=96&d=mm&r=g","contentUrl":"https:\/\/secure.gravatar.com\/avatar\/d776c62f975ecb1bf0e7a19765cdfee5128962c013e27517dcc532c2cf78e1a8?s=96&d=mm&r=g","caption":"itacfood"},"url":"https:\/\/www.itac-food.com\/pl\/author\/itacfood\/"}]}},"_links":{"self":[{"href":"https:\/\/www.itac-food.com\/pl\/wp-json\/wp\/v2\/posts\/2966","targetHints":{"allow":["GET"]}}],"collection":[{"href":"https:\/\/www.itac-food.com\/pl\/wp-json\/wp\/v2\/posts"}],"about":[{"href":"https:\/\/www.itac-food.com\/pl\/wp-json\/wp\/v2\/types\/post"}],"author":[{"embeddable":true,"href":"https:\/\/www.itac-food.com\/pl\/wp-json\/wp\/v2\/users\/7"}],"replies":[{"embeddable":true,"href":"https:\/\/www.itac-food.com\/pl\/wp-json\/wp\/v2\/comments?post=2966"}],"version-history":[{"count":9,"href":"https:\/\/www.itac-food.com\/pl\/wp-json\/wp\/v2\/posts\/2966\/revisions"}],"predecessor-version":[{"id":3567,"href":"https:\/\/www.itac-food.com\/pl\/wp-json\/wp\/v2\/posts\/2966\/revisions\/3567"}],"wp:featuredmedia":[{"embeddable":true,"href":"https:\/\/www.itac-food.com\/pl\/wp-json\/wp\/v2\/media\/2967"}],"wp:attachment":[{"href":"https:\/\/www.itac-food.com\/pl\/wp-json\/wp\/v2\/media?parent=2966"}],"wp:term":[{"taxonomy":"category","embeddable":true,"href":"https:\/\/www.itac-food.com\/pl\/wp-json\/wp\/v2\/categories?post=2966"},{"taxonomy":"post_tag","embeddable":true,"href":"https:\/\/www.itac-food.com\/pl\/wp-json\/wp\/v2\/tags?post=2966"}],"curies":[{"name":"wp","href":"https:\/\/api.w.org\/{rel}","templated":true}]}}